{"id":3150,"date":"2019-09-13T20:24:24","date_gmt":"2019-09-13T20:24:24","guid":{"rendered":"http:\/\/www.enyopharma.com\/fr\/?p=3150"},"modified":"2019-09-13T20:25:57","modified_gmt":"2019-09-13T20:25:57","slug":"nouveaux-locaux-a-lyon","status":"publish","type":"post","link":"https:\/\/www.enyopharma.com\/fr\/nouveaux-locaux-a-lyon\/","title":{"rendered":"Nouveaux locaux \u00e0 Lyon"},"content":{"rendered":"<p>A partir du lundi 16 septembre, les \u00e9quipes d\u2019ENYO Pharma vont investir de nouveaux locaux dans le BIOPARC qui est en train de se mettre en place \u00e0 LYON 8\u00e8me. C\u2019est l\u2019opportunit\u00e9 de nous agrandir et de b\u00e9n\u00e9ficier de l\u2019\u00e9mulation que le BIOPARC va cr\u00e9er.<\/p>\n","protected":false},"excerpt":{"rendered":"<p>A partir du lundi 16 septembre, les \u00e9quipes d\u2019ENYO Pharma vont investir de nouveaux locaux dans le BIOPARC qui est en train de se mettre en place \u00e0 LYON 8\u00e8me. C\u2019est l\u2019opportunit\u00e9 de nous agrandir et de b\u00e9n\u00e9ficier de l\u2019\u00e9mulation que le BIOPARC va cr\u00e9er.<\/p>\n<p><a class=\"read-more\" href=\"https:\/\/www.enyopharma.com\/fr\/nouveaux-locaux-a-lyon\/\">Lire la suite&nbsp;&raquo;<\/a><\/p>\n","protected":false},"author":2,"featured_media":0,"comment_status":"closed","ping_status":"closed","sticky":false,"template":"","format":"standard","meta":{"_acf_changed":false,"_jetpack_memberships_contains_paid_content":false,"footnotes":""},"categories":[21],"tags":[],"class_list":["post-3150","post","type-post","status-publish","format-standard","hentry","category-latest-news-fr"],"acf":[],"jetpack_sharing_enabled":true,"jetpack_featured_media_url":"","rttpg_featured_image_url":null,"rttpg_author":{"display_name":"editorENYOPharma","author_link":"https:\/\/www.enyopharma.com\/fr\/author\/editorenyopharma\/"},"rttpg_comment":0,"rttpg_category":"<a href=\"https:\/\/www.enyopharma.com\/fr\/category\/latest-news-fr\/\" rel=\"category tag\">Br\u00e8ves<\/a>","rttpg_excerpt":"A partir du lundi 16 septembre, les \u00e9quipes d\u2019ENYO Pharma vont investir de nouveaux locaux dans le BIOPARC qui est en train de se mettre en place \u00e0 LYON 8\u00e8me. C\u2019est l\u2019opportunit\u00e9 de nous agrandir et de b\u00e9n\u00e9ficier de l\u2019\u00e9mulation que le BIOPARC va cr\u00e9er.Lire la suite&nbsp;&raquo;","_links":{"self":[{"href":"https:\/\/www.enyopharma.com\/fr\/wp-json\/wp\/v2\/posts\/3150","targetHints":{"allow":["GET"]}}],"collection":[{"href":"https:\/\/www.enyopharma.com\/fr\/wp-json\/wp\/v2\/posts"}],"about":[{"href":"https:\/\/www.enyopharma.com\/fr\/wp-json\/wp\/v2\/types\/post"}],"author":[{"embeddable":true,"href":"https:\/\/www.enyopharma.com\/fr\/wp-json\/wp\/v2\/users\/2"}],"replies":[{"embeddable":true,"href":"https:\/\/www.enyopharma.com\/fr\/wp-json\/wp\/v2\/comments?post=3150"}],"version-history":[{"count":1,"href":"https:\/\/www.enyopharma.com\/fr\/wp-json\/wp\/v2\/posts\/3150\/revisions"}],"predecessor-version":[{"id":3151,"href":"https:\/\/www.enyopharma.com\/fr\/wp-json\/wp\/v2\/posts\/3150\/revisions\/3151"}],"wp:attachment":[{"href":"https:\/\/www.enyopharma.com\/fr\/wp-json\/wp\/v2\/media?parent=3150"}],"wp:term":[{"taxonomy":"category","embeddable":true,"href":"https:\/\/www.enyopharma.com\/fr\/wp-json\/wp\/v2\/categories?post=3150"},{"taxonomy":"post_tag","embeddable":true,"href":"https:\/\/www.enyopharma.com\/fr\/wp-json\/wp\/v2\/tags?post=3150"}],"curies":[{"name":"wp","href":"https:\/\/api.w.org\/{rel}","templated":true}]}}